{"id":1613,"date":"2024-08-20T11:50:26","date_gmt":"2024-08-20T09:50:26","guid":{"rendered":"https:\/\/jugendarbeit-dornach.ch\/?p=1613"},"modified":"2024-08-20T11:50:27","modified_gmt":"2024-08-20T09:50:27","slug":"quartalsprogramm-august-september-oktober","status":"publish","type":"post","link":"https:\/\/jugendarbeit-dornach.ch\/index.php\/2024\/08\/20\/quartalsprogramm-august-september-oktober\/","title":{"rendered":"Quartalsprogramm August, September, Oktober"},"content":{"rendered":"\n<p>Hier k\u00f6nnt ihr Euch schlau machen, wann das Jugi ge\u00f6ffnet hat und was sonst noch l\u00e4uft. Wir freuen uns auf Euch!!! &lt;3<\/p>\n\n\n\n<figure class=\"wp-block-image size-large\"><img fetchpriority=\"high\" decoding=\"async\" width=\"724\" height=\"1024\" src=\"https:\/\/jugendarbeit-dornach.ch\/wordpress\/wp-content\/uploads\/2024\/08\/JA-Dornach3.Q-2024-724x1024.png\" alt=\"\" class=\"wp-image-1612\" srcset=\"https:\/\/jugendarbeit-dornach.ch\/wordpress\/wp-content\/uploads\/2024\/08\/JA-Dornach3.Q-2024-724x1024.png 724w, https:\/\/jugendarbeit-dornach.ch\/wordpress\/wp-content\/uploads\/2024\/08\/JA-Dornach3.Q-2024-212x300.png 212w, https:\/\/jugendarbeit-dornach.ch\/wordpress\/wp-content\/uploads\/2024\/08\/JA-Dornach3.Q-2024-768x1086.png 768w, https:\/\/jugendarbeit-dornach.ch\/wordpress\/wp-content\/uploads\/2024\/08\/JA-Dornach3.Q-2024-1087x1536.png 1087w, https:\/\/jugendarbeit-dornach.ch\/wordpress\/wp-content\/uploads\/2024\/08\/JA-Dornach3.Q-2024.png 1240w\" sizes=\"(max-width: 724px) 100vw, 724px\" \/><\/figure>\n","protected":false},"excerpt":{"rendered":"<p>Hier k\u00f6nnt ihr Euch schlau machen, wann das Jugi ge\u00f6ffnet hat und was sonst noch l\u00e4uft. Wir freuen uns auf<\/p>\n","protected":false},"author":1,"featured_media":0,"comment_status":"closed","ping_status":"open","sticky":false,"template":"","format":"standard","meta":{"footnotes":""},"categories":[1,6,3,7,4],"tags":[],"class_list":["post-1613","post","type-post","status-publish","format-standard","hentry","category-allgemein","category-jugendarbeit","category-jugendhaus","category-news","category-projekte-anlaesse-kategorie","comments-off"],"_links":{"self":[{"href":"https:\/\/jugendarbeit-dornach.ch\/index.php\/wp-json\/wp\/v2\/posts\/1613","targetHints":{"allow":["GET"]}}],"collection":[{"href":"https:\/\/jugendarbeit-dornach.ch\/index.php\/wp-json\/wp\/v2\/posts"}],"about":[{"href":"https:\/\/jugendarbeit-dornach.ch\/index.php\/wp-json\/wp\/v2\/types\/post"}],"author":[{"embeddable":true,"href":"https:\/\/jugendarbeit-dornach.ch\/index.php\/wp-json\/wp\/v2\/users\/1"}],"replies":[{"embeddable":true,"href":"https:\/\/jugendarbeit-dornach.ch\/index.php\/wp-json\/wp\/v2\/comments?post=1613"}],"version-history":[{"count":1,"href":"https:\/\/jugendarbeit-dornach.ch\/index.php\/wp-json\/wp\/v2\/posts\/1613\/revisions"}],"predecessor-version":[{"id":1614,"href":"https:\/\/jugendarbeit-dornach.ch\/index.php\/wp-json\/wp\/v2\/posts\/1613\/revisions\/1614"}],"wp:attachment":[{"href":"https:\/\/jugendarbeit-dornach.ch\/index.php\/wp-json\/wp\/v2\/media?parent=1613"}],"wp:term":[{"taxonomy":"category","embeddable":true,"href":"https:\/\/jugendarbeit-dornach.ch\/index.php\/wp-json\/wp\/v2\/categories?post=1613"},{"taxonomy":"post_tag","embeddable":true,"href":"https:\/\/jugendarbeit-dornach.ch\/index.php\/wp-json\/wp\/v2\/tags?post=1613"}],"curies":[{"name":"wp","href":"https:\/\/api.w.org\/{rel}","templated":true}]}}