{"id":1618,"date":"2024-08-20T12:03:45","date_gmt":"2024-08-20T10:03:45","guid":{"rendered":"https:\/\/jugendarbeit-dornach.ch\/?p=1618"},"modified":"2024-08-20T12:03:45","modified_gmt":"2024-08-20T10:03:45","slug":"jugendwoche-2","status":"publish","type":"post","link":"https:\/\/jugendarbeit-dornach.ch\/index.php\/2024\/08\/20\/jugendwoche-2\/","title":{"rendered":"JUGENDWOCHE"},"content":{"rendered":"\n<p>Bald schon kannst Du Dich anmelden, am 28. August geht das Anmeldeportal auf und Du kannst Dir Deine ganz pers\u00f6nlichen Ferien zusammenstellen. W\u00e4hle aus \u00fcber 60 verschiedenen Workshops aus und lerne was neues, probiere aus, lache und geniesse! Link zur Jugendwoche: <a href=\"http:\/\/www.jugendwoche.ch\">www.jugendwoche.ch<\/a><\/p>\n\n\n\n<figure class=\"wp-block-image size-large\"><img fetchpriority=\"high\" decoding=\"async\" width=\"728\" height=\"1024\" src=\"https:\/\/jugendarbeit-dornach.ch\/wordpress\/wp-content\/uploads\/2024\/08\/Plakat_A3_Jugendwoche-2024-728x1024.png\" alt=\"\" class=\"wp-image-1617\" srcset=\"https:\/\/jugendarbeit-dornach.ch\/wordpress\/wp-content\/uploads\/2024\/08\/Plakat_A3_Jugendwoche-2024-728x1024.png 728w, https:\/\/jugendarbeit-dornach.ch\/wordpress\/wp-content\/uploads\/2024\/08\/Plakat_A3_Jugendwoche-2024-213x300.png 213w, https:\/\/jugendarbeit-dornach.ch\/wordpress\/wp-content\/uploads\/2024\/08\/Plakat_A3_Jugendwoche-2024-768x1080.png 768w\" sizes=\"(max-width: 728px) 100vw, 728px\" \/><\/figure>\n","protected":false},"excerpt":{"rendered":"<p>Bald schon kannst Du Dich anmelden, am 28. August geht das Anmeldeportal auf und Du kannst Dir Deine ganz pers\u00f6nlichen<\/p>\n","protected":false},"author":1,"featured_media":0,"comment_status":"closed","ping_status":"open","sticky":false,"template":"","format":"standard","meta":{"footnotes":""},"categories":[1,6,7,4],"tags":[],"class_list":["post-1618","post","type-post","status-publish","format-standard","hentry","category-allgemein","category-jugendarbeit","category-news","category-projekte-anlaesse-kategorie","comments-off"],"_links":{"self":[{"href":"https:\/\/jugendarbeit-dornach.ch\/index.php\/wp-json\/wp\/v2\/posts\/1618","targetHints":{"allow":["GET"]}}],"collection":[{"href":"https:\/\/jugendarbeit-dornach.ch\/index.php\/wp-json\/wp\/v2\/posts"}],"about":[{"href":"https:\/\/jugendarbeit-dornach.ch\/index.php\/wp-json\/wp\/v2\/types\/post"}],"author":[{"embeddable":true,"href":"https:\/\/jugendarbeit-dornach.ch\/index.php\/wp-json\/wp\/v2\/users\/1"}],"replies":[{"embeddable":true,"href":"https:\/\/jugendarbeit-dornach.ch\/index.php\/wp-json\/wp\/v2\/comments?post=1618"}],"version-history":[{"count":1,"href":"https:\/\/jugendarbeit-dornach.ch\/index.php\/wp-json\/wp\/v2\/posts\/1618\/revisions"}],"predecessor-version":[{"id":1620,"href":"https:\/\/jugendarbeit-dornach.ch\/index.php\/wp-json\/wp\/v2\/posts\/1618\/revisions\/1620"}],"wp:attachment":[{"href":"https:\/\/jugendarbeit-dornach.ch\/index.php\/wp-json\/wp\/v2\/media?parent=1618"}],"wp:term":[{"taxonomy":"category","embeddable":true,"href":"https:\/\/jugendarbeit-dornach.ch\/index.php\/wp-json\/wp\/v2\/categories?post=1618"},{"taxonomy":"post_tag","embeddable":true,"href":"https:\/\/jugendarbeit-dornach.ch\/index.php\/wp-json\/wp\/v2\/tags?post=1618"}],"curies":[{"name":"wp","href":"https:\/\/api.w.org\/{rel}","templated":true}]}}