{"id":1655,"date":"2024-10-22T15:20:37","date_gmt":"2024-10-22T13:20:37","guid":{"rendered":"https:\/\/jugendarbeit-dornach.ch\/?p=1655"},"modified":"2024-11-12T11:11:28","modified_gmt":"2024-11-12T10:11:28","slug":"halloween-das-jugi-wird-gruselig","status":"publish","type":"post","link":"https:\/\/jugendarbeit-dornach.ch\/index.php\/2024\/10\/22\/halloween-das-jugi-wird-gruselig\/","title":{"rendered":"HALLOWEEN &#8211; Das Jugi wird gruselig"},"content":{"rendered":"\n<p>Am 31. Oktober sind Kinder aus den Primarklassen herzlich eingeladen, einen Rundgang durch das Geisterhaus zu wagen. Selbstverst\u00e4ndlich d\u00fcrfen auch alle anderen kommen und ebenfalls das Gruseln im Jugi erleben. Draussen gibt es K\u00fcrbissuppe und heissen Punch. <\/p>\n\n\n\n<p>Die Idee, das Jugendhaus in ein Geisterhaus zu verwandeln kam von Jugendlichen und wir vom Team freuen uns, sie darin zu unterst\u00fctzen zu d\u00fcrfen!<\/p>\n\n\n\n<p>Komm vorbei und lass es GRUSELN <\/p>\n\n\n\n<figure class=\"wp-block-image size-full is-resized\"><img fetchpriority=\"high\" decoding=\"async\" width=\"518\" height=\"782\" src=\"https:\/\/jugendarbeit-dornach.ch\/wordpress\/wp-content\/uploads\/2024\/10\/FLYERVORDERSEITE.png\" alt=\"\" class=\"wp-image-1653\" style=\"width:518px;height:auto\" srcset=\"https:\/\/jugendarbeit-dornach.ch\/wordpress\/wp-content\/uploads\/2024\/10\/FLYERVORDERSEITE.png 518w, https:\/\/jugendarbeit-dornach.ch\/wordpress\/wp-content\/uploads\/2024\/10\/FLYERVORDERSEITE-199x300.png 199w\" sizes=\"(max-width: 518px) 100vw, 518px\" \/><\/figure>\n\n\n\n<figure class=\"wp-block-image size-full\"><img decoding=\"async\" width=\"518\" height=\"782\" src=\"https:\/\/jugendarbeit-dornach.ch\/wordpress\/wp-content\/uploads\/2024\/10\/FLYERRUeCKSEITE.png\" alt=\"\" class=\"wp-image-1654\" srcset=\"https:\/\/jugendarbeit-dornach.ch\/wordpress\/wp-content\/uploads\/2024\/10\/FLYERRUeCKSEITE.png 518w, https:\/\/jugendarbeit-dornach.ch\/wordpress\/wp-content\/uploads\/2024\/10\/FLYERRUeCKSEITE-199x300.png 199w\" sizes=\"(max-width: 518px) 100vw, 518px\" \/><\/figure>\n","protected":false},"excerpt":{"rendered":"<p>Am 31. Oktober sind Kinder aus den Primarklassen herzlich eingeladen, einen Rundgang durch das Geisterhaus zu wagen. Selbstverst\u00e4ndlich d\u00fcrfen auch<\/p>\n","protected":false},"author":1,"featured_media":0,"comment_status":"closed","ping_status":"open","sticky":false,"template":"","format":"standard","meta":{"footnotes":""},"categories":[1,6,3,7,4],"tags":[115,116],"class_list":["post-1655","post","type-post","status-publish","format-standard","hentry","category-allgemein","category-jugendarbeit","category-jugendhaus","category-news","category-projekte-anlaesse-kategorie","tag-geisterhaus","tag-halloween","comments-off"],"_links":{"self":[{"href":"https:\/\/jugendarbeit-dornach.ch\/index.php\/wp-json\/wp\/v2\/posts\/1655","targetHints":{"allow":["GET"]}}],"collection":[{"href":"https:\/\/jugendarbeit-dornach.ch\/index.php\/wp-json\/wp\/v2\/posts"}],"about":[{"href":"https:\/\/jugendarbeit-dornach.ch\/index.php\/wp-json\/wp\/v2\/types\/post"}],"author":[{"embeddable":true,"href":"https:\/\/jugendarbeit-dornach.ch\/index.php\/wp-json\/wp\/v2\/users\/1"}],"replies":[{"embeddable":true,"href":"https:\/\/jugendarbeit-dornach.ch\/index.php\/wp-json\/wp\/v2\/comments?post=1655"}],"version-history":[{"count":1,"href":"https:\/\/jugendarbeit-dornach.ch\/index.php\/wp-json\/wp\/v2\/posts\/1655\/revisions"}],"predecessor-version":[{"id":1656,"href":"https:\/\/jugendarbeit-dornach.ch\/index.php\/wp-json\/wp\/v2\/posts\/1655\/revisions\/1656"}],"wp:attachment":[{"href":"https:\/\/jugendarbeit-dornach.ch\/index.php\/wp-json\/wp\/v2\/media?parent=1655"}],"wp:term":[{"taxonomy":"category","embeddable":true,"href":"https:\/\/jugendarbeit-dornach.ch\/index.php\/wp-json\/wp\/v2\/categories?post=1655"},{"taxonomy":"post_tag","embeddable":true,"href":"https:\/\/jugendarbeit-dornach.ch\/index.php\/wp-json\/wp\/v2\/tags?post=1655"}],"curies":[{"name":"wp","href":"https:\/\/api.w.org\/{rel}","templated":true}]}}