{"id":1658,"date":"2024-10-22T15:25:02","date_gmt":"2024-10-22T13:25:02","guid":{"rendered":"https:\/\/jugendarbeit-dornach.ch\/?p=1658"},"modified":"2024-10-22T15:25:04","modified_gmt":"2024-10-22T13:25:04","slug":"quartalsprogramm-bis-zu-den-weihnachtsferien","status":"publish","type":"post","link":"https:\/\/jugendarbeit-dornach.ch\/index.php\/2024\/10\/22\/quartalsprogramm-bis-zu-den-weihnachtsferien\/","title":{"rendered":"Quartalsprogramm bis zu den Weihnachtsferien"},"content":{"rendered":"\n<p>Hier im \u00dcberblick die \u00d6ffnungszeiten, die Events des Jugi567 und sonstige Anl\u00e4sse. Bei Fragen rufe uns an 077 511 69 99 oder schreibe uns auf team@jugendarbeit-dornach.ch<\/p>\n\n\n\n<figure class=\"wp-block-image size-full\"><img fetchpriority=\"high\" decoding=\"async\" width=\"595\" height=\"841\" src=\"https:\/\/jugendarbeit-dornach.ch\/wordpress\/wp-content\/uploads\/2024\/10\/JA-Dornach4.Q-2024.png\" alt=\"\" class=\"wp-image-1657\" srcset=\"https:\/\/jugendarbeit-dornach.ch\/wordpress\/wp-content\/uploads\/2024\/10\/JA-Dornach4.Q-2024.png 595w, https:\/\/jugendarbeit-dornach.ch\/wordpress\/wp-content\/uploads\/2024\/10\/JA-Dornach4.Q-2024-212x300.png 212w\" sizes=\"(max-width: 595px) 100vw, 595px\" \/><\/figure>\n","protected":false},"excerpt":{"rendered":"<p>Hier im \u00dcberblick die \u00d6ffnungszeiten, die Events des Jugi567 und sonstige Anl\u00e4sse. Bei Fragen rufe uns an 077 511 69<\/p>\n","protected":false},"author":1,"featured_media":0,"comment_status":"closed","ping_status":"open","sticky":false,"template":"","format":"standard","meta":{"footnotes":""},"categories":[1,6,3,7],"tags":[],"class_list":["post-1658","post","type-post","status-publish","format-standard","hentry","category-allgemein","category-jugendarbeit","category-jugendhaus","category-news","comments-off"],"_links":{"self":[{"href":"https:\/\/jugendarbeit-dornach.ch\/index.php\/wp-json\/wp\/v2\/posts\/1658","targetHints":{"allow":["GET"]}}],"collection":[{"href":"https:\/\/jugendarbeit-dornach.ch\/index.php\/wp-json\/wp\/v2\/posts"}],"about":[{"href":"https:\/\/jugendarbeit-dornach.ch\/index.php\/wp-json\/wp\/v2\/types\/post"}],"author":[{"embeddable":true,"href":"https:\/\/jugendarbeit-dornach.ch\/index.php\/wp-json\/wp\/v2\/users\/1"}],"replies":[{"embeddable":true,"href":"https:\/\/jugendarbeit-dornach.ch\/index.php\/wp-json\/wp\/v2\/comments?post=1658"}],"version-history":[{"count":1,"href":"https:\/\/jugendarbeit-dornach.ch\/index.php\/wp-json\/wp\/v2\/posts\/1658\/revisions"}],"predecessor-version":[{"id":1659,"href":"https:\/\/jugendarbeit-dornach.ch\/index.php\/wp-json\/wp\/v2\/posts\/1658\/revisions\/1659"}],"wp:attachment":[{"href":"https:\/\/jugendarbeit-dornach.ch\/index.php\/wp-json\/wp\/v2\/media?parent=1658"}],"wp:term":[{"taxonomy":"category","embeddable":true,"href":"https:\/\/jugendarbeit-dornach.ch\/index.php\/wp-json\/wp\/v2\/categories?post=1658"},{"taxonomy":"post_tag","embeddable":true,"href":"https:\/\/jugendarbeit-dornach.ch\/index.php\/wp-json\/wp\/v2\/tags?post=1658"}],"curies":[{"name":"wp","href":"https:\/\/api.w.org\/{rel}","templated":true}]}}