{"id":1866,"date":"2025-05-26T12:06:00","date_gmt":"2025-05-26T10:06:00","guid":{"rendered":"https:\/\/jugendarbeit-dornach.ch\/?p=1866"},"modified":"2025-06-20T12:07:10","modified_gmt":"2025-06-20T10:07:10","slug":"aktionstag-birsplatz","status":"publish","type":"post","link":"https:\/\/jugendarbeit-dornach.ch\/index.php\/2025\/05\/26\/aktionstag-birsplatz\/","title":{"rendered":"Aktionstag Birsplatz"},"content":{"rendered":"\n<p>Am 24. Mai 2025 markierte der Aktionstag die Er\u00f6ffnung der ersten Etappe des Projekts \u00abTreffpunkt Birsplatz\u00bb in Dornach, um einen neuen Treffpunkt f\u00fcr Jugendliche, junge Erwachsene und Familien zu schaffen und das Bed\u00fcrfnis nach gedeckten Fl\u00e4chen im Freien zu adressieren. Dabei wurden trotz grosser Herausforderung erfolgreich ein gedeckter Unterstand und eine Feuerstelle mit Sitzsteinen errichtet, begleitet von gemeinschaftlichem Arbeiten und Grillieren mit rund 20 Helfenden. Dieser Tag war ein grosser Erfolg und ein wichtiger Meilenstein f\u00fcr die Grundausstattung des Platzes, der zuk\u00fcnftig noch erweitert werden soll.<\/p>\n\n\n\n<p><a href=\"https:\/\/jugendarbeit-dornach.ch\/index.php\/birsplatz\/\">mehr zum Birsplatz<\/a><\/p>\n\n\n\n<figure class=\"wp-block-gallery has-nested-images columns-default is-cropped wp-block-gallery-1 is-layout-flex wp-block-gallery-is-layout-flex\">\n<figure class=\"wp-block-image size-large\"><img fetchpriority=\"high\" decoding=\"async\" width=\"640\" height=\"480\" data-id=\"1862\" src=\"https:\/\/jugendarbeit-dornach.ch\/wordpress\/wp-content\/uploads\/2025\/06\/20250524_101231.jpg\" alt=\"\" class=\"wp-image-1862\" srcset=\"https:\/\/jugendarbeit-dornach.ch\/wordpress\/wp-content\/uploads\/2025\/06\/20250524_101231.jpg 640w, https:\/\/jugendarbeit-dornach.ch\/wordpress\/wp-content\/uploads\/2025\/06\/20250524_101231-300x225.jpg 300w, https:\/\/jugendarbeit-dornach.ch\/wordpress\/wp-content\/uploads\/2025\/06\/20250524_101231-600x450.jpg 600w\" sizes=\"(max-width: 640px) 100vw, 640px\" \/><\/figure>\n\n\n\n<figure class=\"wp-block-image size-large\"><img decoding=\"async\" width=\"480\" height=\"640\" data-id=\"1863\" src=\"https:\/\/jugendarbeit-dornach.ch\/wordpress\/wp-content\/uploads\/2025\/06\/20250524_101255.jpg\" alt=\"\" class=\"wp-image-1863\" srcset=\"https:\/\/jugendarbeit-dornach.ch\/wordpress\/wp-content\/uploads\/2025\/06\/20250524_101255.jpg 480w, https:\/\/jugendarbeit-dornach.ch\/wordpress\/wp-content\/uploads\/2025\/06\/20250524_101255-225x300.jpg 225w\" sizes=\"(max-width: 480px) 100vw, 480px\" \/><\/figure>\n\n\n\n<figure class=\"wp-block-image size-large\"><img decoding=\"async\" width=\"640\" height=\"480\" data-id=\"1860\" src=\"https:\/\/jugendarbeit-dornach.ch\/wordpress\/wp-content\/uploads\/2025\/06\/20250524_101247.jpg\" alt=\"\" class=\"wp-image-1860\" srcset=\"https:\/\/jugendarbeit-dornach.ch\/wordpress\/wp-content\/uploads\/2025\/06\/20250524_101247.jpg 640w, https:\/\/jugendarbeit-dornach.ch\/wordpress\/wp-content\/uploads\/2025\/06\/20250524_101247-300x225.jpg 300w, https:\/\/jugendarbeit-dornach.ch\/wordpress\/wp-content\/uploads\/2025\/06\/20250524_101247-600x450.jpg 600w\" sizes=\"(max-width: 640px) 100vw, 640px\" \/><\/figure>\n\n\n\n<figure class=\"wp-block-image size-large\"><img loading=\"lazy\" decoding=\"async\" width=\"480\" height=\"640\" data-id=\"1861\" src=\"https:\/\/jugendarbeit-dornach.ch\/wordpress\/wp-content\/uploads\/2025\/06\/20250524_101952.jpg\" alt=\"\" class=\"wp-image-1861\" srcset=\"https:\/\/jugendarbeit-dornach.ch\/wordpress\/wp-content\/uploads\/2025\/06\/20250524_101952.jpg 480w, https:\/\/jugendarbeit-dornach.ch\/wordpress\/wp-content\/uploads\/2025\/06\/20250524_101952-225x300.jpg 225w\" sizes=\"(max-width: 480px) 100vw, 480px\" \/><\/figure>\n\n\n\n<figure class=\"wp-block-image size-large\"><img loading=\"lazy\" decoding=\"async\" width=\"480\" height=\"640\" data-id=\"1858\" src=\"https:\/\/jugendarbeit-dornach.ch\/wordpress\/wp-content\/uploads\/2025\/06\/20250524_120030.jpg\" alt=\"\" class=\"wp-image-1858\" srcset=\"https:\/\/jugendarbeit-dornach.ch\/wordpress\/wp-content\/uploads\/2025\/06\/20250524_120030.jpg 480w, https:\/\/jugendarbeit-dornach.ch\/wordpress\/wp-content\/uploads\/2025\/06\/20250524_120030-225x300.jpg 225w\" sizes=\"(max-width: 480px) 100vw, 480px\" \/><\/figure>\n\n\n\n<figure class=\"wp-block-image size-large\"><img loading=\"lazy\" decoding=\"async\" width=\"480\" height=\"640\" data-id=\"1859\" src=\"https:\/\/jugendarbeit-dornach.ch\/wordpress\/wp-content\/uploads\/2025\/06\/20250524_120948.jpg\" alt=\"\" class=\"wp-image-1859\" srcset=\"https:\/\/jugendarbeit-dornach.ch\/wordpress\/wp-content\/uploads\/2025\/06\/20250524_120948.jpg 480w, https:\/\/jugendarbeit-dornach.ch\/wordpress\/wp-content\/uploads\/2025\/06\/20250524_120948-225x300.jpg 225w\" sizes=\"(max-width: 480px) 100vw, 480px\" \/><\/figure>\n<\/figure>\n","protected":false},"excerpt":{"rendered":"<p>Am 24. Mai 2025 markierte der Aktionstag die Er\u00f6ffnung der ersten Etappe des Projekts \u00abTreffpunkt Birsplatz\u00bb in Dornach, um einen<\/p>\n","protected":false},"author":1,"featured_media":0,"comment_status":"closed","ping_status":"open","sticky":false,"template":"","format":"standard","meta":{"footnotes":""},"categories":[6,7,4],"tags":[121,120,122],"class_list":["post-1866","post","type-post","status-publish","format-standard","hentry","category-jugendarbeit","category-news","category-projekte-anlaesse-kategorie","tag-aktionstag","tag-birsplatz","tag-unterstand","comments-off"],"_links":{"self":[{"href":"https:\/\/jugendarbeit-dornach.ch\/index.php\/wp-json\/wp\/v2\/posts\/1866","targetHints":{"allow":["GET"]}}],"collection":[{"href":"https:\/\/jugendarbeit-dornach.ch\/index.php\/wp-json\/wp\/v2\/posts"}],"about":[{"href":"https:\/\/jugendarbeit-dornach.ch\/index.php\/wp-json\/wp\/v2\/types\/post"}],"author":[{"embeddable":true,"href":"https:\/\/jugendarbeit-dornach.ch\/index.php\/wp-json\/wp\/v2\/users\/1"}],"replies":[{"embeddable":true,"href":"https:\/\/jugendarbeit-dornach.ch\/index.php\/wp-json\/wp\/v2\/comments?post=1866"}],"version-history":[{"count":1,"href":"https:\/\/jugendarbeit-dornach.ch\/index.php\/wp-json\/wp\/v2\/posts\/1866\/revisions"}],"predecessor-version":[{"id":1867,"href":"https:\/\/jugendarbeit-dornach.ch\/index.php\/wp-json\/wp\/v2\/posts\/1866\/revisions\/1867"}],"wp:attachment":[{"href":"https:\/\/jugendarbeit-dornach.ch\/index.php\/wp-json\/wp\/v2\/media?parent=1866"}],"wp:term":[{"taxonomy":"category","embeddable":true,"href":"https:\/\/jugendarbeit-dornach.ch\/index.php\/wp-json\/wp\/v2\/categories?post=1866"},{"taxonomy":"post_tag","embeddable":true,"href":"https:\/\/jugendarbeit-dornach.ch\/index.php\/wp-json\/wp\/v2\/tags?post=1866"}],"curies":[{"name":"wp","href":"https:\/\/api.w.org\/{rel}","templated":true}]}}