{"id":1879,"date":"2025-06-23T18:02:33","date_gmt":"2025-06-23T16:02:33","guid":{"rendered":"https:\/\/jugendarbeit-dornach.ch\/?p=1879"},"modified":"2025-06-23T18:02:34","modified_gmt":"2025-06-23T16:02:34","slug":"pool-night-sportnacht-in-der-glungge","status":"publish","type":"post","link":"https:\/\/jugendarbeit-dornach.ch\/index.php\/2025\/06\/23\/pool-night-sportnacht-in-der-glungge\/","title":{"rendered":"Pool Night &#8211; Sportnacht in der Glungge"},"content":{"rendered":"\n<p>F\u00fcr zwei mal im Jahr organisiert die Jugendarbeit Dornach einen Abend in der Badi von Dornach. Alle sind herzlich eingeladen, an diesen Abenden von der langen \u00d6ffnungszeit zu profitieren, zu spielen, baden und das warme Wetter geniessen. In erster Linie f\u00fcr Jugendliche gedacht, d\u00fcrfen gerne aber auch ganze Familien, Geschwister und alle Freunde dazukommen. <\/p>\n\n\n\n<p>Die \u00d6ffnung ist von 19.00 bis 22.00 Uhr kostenlos<\/p>\n\n\n\n<figure class=\"wp-block-image size-large\"><img fetchpriority=\"high\" decoding=\"async\" width=\"734\" height=\"1024\" src=\"https:\/\/jugendarbeit-dornach.ch\/wordpress\/wp-content\/uploads\/2025\/06\/Flyer-Sport_Summer-2025-734x1024.jpg\" alt=\"\" class=\"wp-image-1878\" srcset=\"https:\/\/jugendarbeit-dornach.ch\/wordpress\/wp-content\/uploads\/2025\/06\/Flyer-Sport_Summer-2025-734x1024.jpg 734w, https:\/\/jugendarbeit-dornach.ch\/wordpress\/wp-content\/uploads\/2025\/06\/Flyer-Sport_Summer-2025-215x300.jpg 215w, https:\/\/jugendarbeit-dornach.ch\/wordpress\/wp-content\/uploads\/2025\/06\/Flyer-Sport_Summer-2025-768x1071.jpg 768w, https:\/\/jugendarbeit-dornach.ch\/wordpress\/wp-content\/uploads\/2025\/06\/Flyer-Sport_Summer-2025-1101x1536.jpg 1101w, https:\/\/jugendarbeit-dornach.ch\/wordpress\/wp-content\/uploads\/2025\/06\/Flyer-Sport_Summer-2025.jpg 1287w\" sizes=\"(max-width: 734px) 100vw, 734px\" \/><\/figure>\n","protected":false},"excerpt":{"rendered":"<p>F\u00fcr zwei mal im Jahr organisiert die Jugendarbeit Dornach einen Abend in der Badi von Dornach. Alle sind herzlich eingeladen,<\/p>\n","protected":false},"author":1,"featured_media":0,"comment_status":"closed","ping_status":"open","sticky":false,"template":"","format":"standard","meta":{"footnotes":""},"categories":[1,6,7,4],"tags":[],"class_list":["post-1879","post","type-post","status-publish","format-standard","hentry","category-allgemein","category-jugendarbeit","category-news","category-projekte-anlaesse-kategorie","comments-off"],"_links":{"self":[{"href":"https:\/\/jugendarbeit-dornach.ch\/index.php\/wp-json\/wp\/v2\/posts\/1879","targetHints":{"allow":["GET"]}}],"collection":[{"href":"https:\/\/jugendarbeit-dornach.ch\/index.php\/wp-json\/wp\/v2\/posts"}],"about":[{"href":"https:\/\/jugendarbeit-dornach.ch\/index.php\/wp-json\/wp\/v2\/types\/post"}],"author":[{"embeddable":true,"href":"https:\/\/jugendarbeit-dornach.ch\/index.php\/wp-json\/wp\/v2\/users\/1"}],"replies":[{"embeddable":true,"href":"https:\/\/jugendarbeit-dornach.ch\/index.php\/wp-json\/wp\/v2\/comments?post=1879"}],"version-history":[{"count":1,"href":"https:\/\/jugendarbeit-dornach.ch\/index.php\/wp-json\/wp\/v2\/posts\/1879\/revisions"}],"predecessor-version":[{"id":1880,"href":"https:\/\/jugendarbeit-dornach.ch\/index.php\/wp-json\/wp\/v2\/posts\/1879\/revisions\/1880"}],"wp:attachment":[{"href":"https:\/\/jugendarbeit-dornach.ch\/index.php\/wp-json\/wp\/v2\/media?parent=1879"}],"wp:term":[{"taxonomy":"category","embeddable":true,"href":"https:\/\/jugendarbeit-dornach.ch\/index.php\/wp-json\/wp\/v2\/categories?post=1879"},{"taxonomy":"post_tag","embeddable":true,"href":"https:\/\/jugendarbeit-dornach.ch\/index.php\/wp-json\/wp\/v2\/tags?post=1879"}],"curies":[{"name":"wp","href":"https:\/\/api.w.org\/{rel}","templated":true}]}}