{"id":1890,"date":"2025-08-26T11:25:36","date_gmt":"2025-08-26T09:25:36","guid":{"rendered":"https:\/\/jugendarbeit-dornach.ch\/?p=1890"},"modified":"2025-08-26T11:32:39","modified_gmt":"2025-08-26T09:32:39","slug":"kinderspielfest-3-september-13-30-18-00-uhr","status":"publish","type":"post","link":"https:\/\/jugendarbeit-dornach.ch\/index.php\/2025\/08\/26\/kinderspielfest-3-september-13-30-18-00-uhr\/","title":{"rendered":"KINDERSPIELFEST 3. September 13.30 &#8211; 18.00 Uhr"},"content":{"rendered":"\n<p>(Ausweichdatum bei schlechter Witterung 10. September)<\/p>\n\n\n\n<p>Wie jedes Jahr Anfang September kommt das unglaublich beliebte Kinderspielfest f\u00fcr Jung und Alt. Den ganzen Nachmittag kannst du spielen, basteln, h\u00fcpfen, werken, malen und bekommst ein kostenloses Z&#8217;Vieri. Zudem erwarten dich ein M\u00e4rlizelt und du kannst auf Schatzsuche gehen.<\/p>\n\n\n\n<p>Beginn 13.30 Uhr &#8211; 18.00 Uhr Eintritt 6.- \/ Begleitpersonen kostenlos, die Info, ob das Kinderspielfest am 3. September stattfindet, erh\u00e4ltst du Montag, 1. September ab 12.00 Uhr Mittag unter 077 511 69 99.<\/p>\n\n\n\n<figure class=\"wp-block-image size-large\"><img fetchpriority=\"high\" decoding=\"async\" width=\"724\" height=\"1024\" src=\"https:\/\/jugendarbeit-dornach.ch\/wordpress\/wp-content\/uploads\/2025\/08\/Flyer-Kinderspielfest_GzD_230725-724x1024.png\" alt=\"\" class=\"wp-image-1897\" srcset=\"https:\/\/jugendarbeit-dornach.ch\/wordpress\/wp-content\/uploads\/2025\/08\/Flyer-Kinderspielfest_GzD_230725-724x1024.png 724w, https:\/\/jugendarbeit-dornach.ch\/wordpress\/wp-content\/uploads\/2025\/08\/Flyer-Kinderspielfest_GzD_230725-212x300.png 212w, https:\/\/jugendarbeit-dornach.ch\/wordpress\/wp-content\/uploads\/2025\/08\/Flyer-Kinderspielfest_GzD_230725-768x1086.png 768w, https:\/\/jugendarbeit-dornach.ch\/wordpress\/wp-content\/uploads\/2025\/08\/Flyer-Kinderspielfest_GzD_230725-1086x1536.png 1086w, https:\/\/jugendarbeit-dornach.ch\/wordpress\/wp-content\/uploads\/2025\/08\/Flyer-Kinderspielfest_GzD_230725-1448x2048.png 1448w\" sizes=\"(max-width: 724px) 100vw, 724px\" \/><\/figure>\n","protected":false},"excerpt":{"rendered":"<p>(Ausweichdatum bei schlechter Witterung 10. September) Wie jedes Jahr Anfang September kommt das unglaublich beliebte Kinderspielfest f\u00fcr Jung und Alt.<\/p>\n","protected":false},"author":1,"featured_media":0,"comment_status":"closed","ping_status":"open","sticky":false,"template":"","format":"standard","meta":{"footnotes":""},"categories":[1,6,7,4],"tags":[],"class_list":["post-1890","post","type-post","status-publish","format-standard","hentry","category-allgemein","category-jugendarbeit","category-news","category-projekte-anlaesse-kategorie","comments-off"],"_links":{"self":[{"href":"https:\/\/jugendarbeit-dornach.ch\/index.php\/wp-json\/wp\/v2\/posts\/1890","targetHints":{"allow":["GET"]}}],"collection":[{"href":"https:\/\/jugendarbeit-dornach.ch\/index.php\/wp-json\/wp\/v2\/posts"}],"about":[{"href":"https:\/\/jugendarbeit-dornach.ch\/index.php\/wp-json\/wp\/v2\/types\/post"}],"author":[{"embeddable":true,"href":"https:\/\/jugendarbeit-dornach.ch\/index.php\/wp-json\/wp\/v2\/users\/1"}],"replies":[{"embeddable":true,"href":"https:\/\/jugendarbeit-dornach.ch\/index.php\/wp-json\/wp\/v2\/comments?post=1890"}],"version-history":[{"count":2,"href":"https:\/\/jugendarbeit-dornach.ch\/index.php\/wp-json\/wp\/v2\/posts\/1890\/revisions"}],"predecessor-version":[{"id":1898,"href":"https:\/\/jugendarbeit-dornach.ch\/index.php\/wp-json\/wp\/v2\/posts\/1890\/revisions\/1898"}],"wp:attachment":[{"href":"https:\/\/jugendarbeit-dornach.ch\/index.php\/wp-json\/wp\/v2\/media?parent=1890"}],"wp:term":[{"taxonomy":"category","embeddable":true,"href":"https:\/\/jugendarbeit-dornach.ch\/index.php\/wp-json\/wp\/v2\/categories?post=1890"},{"taxonomy":"post_tag","embeddable":true,"href":"https:\/\/jugendarbeit-dornach.ch\/index.php\/wp-json\/wp\/v2\/tags?post=1890"}],"curies":[{"name":"wp","href":"https:\/\/api.w.org\/{rel}","templated":true}]}}