{"id":21,"date":"2015-03-15T10:33:50","date_gmt":"2015-03-15T09:33:50","guid":{"rendered":"http:\/\/wordpress.jad.cyon.site\/index.php\/2015\/03\/15\/rueckblick\/"},"modified":"2020-09-03T12:04:43","modified_gmt":"2020-09-03T10:04:43","slug":"rueckblick","status":"publish","type":"post","link":"https:\/\/jugendarbeit-dornach.ch\/index.php\/2015\/03\/15\/rueckblick\/","title":{"rendered":"R\u00fcckblick"},"content":{"rendered":"<h3 align=\"left\">Die Jugendarbeit Dornach f\u00fcrhrt immer wieder spezielle Anl\u00e4sse und Projekte durch.<\/h3>\n<p class=\"clr\">Hier findest Du einen unvollst\u00e4ndige \u00dcbersicht \u00fcber vergangenen Events und Projekte.<\/p>\n<p class=\"clr\">\n<h2>R\u00fcckblick 2015<\/h2>\n<h3>Neuer Gameraum<\/h3>\n<p>In stundenlanger Kleinarbeit wurde ein neuer &#8222;Game-Raum&#8220; gestaltet. Die w\u00e4nde wurden komplett neu gestaltet und mit viel Liebe bemalt.<\/p>\n<h3><\/h3>\n<h3>Schlag das Team!<\/h3>\n<p>16 Jugendliche sind gegen das Jugi-Team angetreten. Mehrere Spiele wurden ausgetragen bis am Ende das Siegerteam fest stand. Einmal mehr war das Jugi-Team unschlagbar, ein Preis wurde aber trotzdem an das beste Jugend-Team vergeben.<\/p>\n<p><img fetchpriority=\"high\" decoding=\"async\" class=\" size-full wp-image-20\" style=\"width: 300px; height: 205px;\" src=\"https:\/\/wordpress.jad.cyon.site\/wp-content\/uploads\/2015\/03\/Flyer-schlag-das-team-2015web.jpg\" alt=\"\" width=\"1500\" height=\"1023\" srcset=\"https:\/\/jugendarbeit-dornach.ch\/wordpress\/wp-content\/uploads\/2015\/03\/Flyer-schlag-das-team-2015web.jpg 1500w, https:\/\/jugendarbeit-dornach.ch\/wordpress\/wp-content\/uploads\/2015\/03\/Flyer-schlag-das-team-2015web-300x205.jpg 300w, https:\/\/jugendarbeit-dornach.ch\/wordpress\/wp-content\/uploads\/2015\/03\/Flyer-schlag-das-team-2015web-768x524.jpg 768w, https:\/\/jugendarbeit-dornach.ch\/wordpress\/wp-content\/uploads\/2015\/03\/Flyer-schlag-das-team-2015web-1024x698.jpg 1024w\" sizes=\"(max-width: 1500px) 100vw, 1500px\" \/><\/p>\n<h3><span style=\"font-size: 12px;\">Das Projekt &#8222;Kleidertausch&#8220; ist auf Initiative zweier Jugendlicher entstanden und wird von diesen organisiert. <\/span><\/h3>\n<p><span style=\"font-size: 12px;\">Die Jugendarbeit Dornach steht den beiden unterst\u00fctzend zur Seite und stellt die Infrastruktur zur Verf\u00fcgung.<\/span><\/p>\n<p>Bis jetzt haben zwei Kleidertausch-Partys stattgefunden.<\/p>\n<p><img decoding=\"async\" class=\" size-full wp-image-1\" style=\"width: 400px; height: 300px;\" src=\"https:\/\/wordpress.jad.cyon.site\/wp-content\/uploads\/2015\/02\/kleidertausch-2.jpeg\" alt=\"\" width=\"640\" height=\"480\" \/><\/p>\n<p align=\"right\">\n<p align=\"right\">\n<h2>R\u00fcckblick 2014<\/h2>\n<p align=\"right\">\n<h3 style=\"margin-bottom: 0cm;\">In den Sommerferien gab es wieder einen Seifenkisten-Bau-Workshop!<\/h3>\n<p>9 Seifenkisten sind in diesem Workshop entstanden.<\/p>\n<h3 style=\"margin-bottom: 0cm;\"><\/h3>\n<p>Am 22. Juni 2014 waren wir am Birsuferfest mit dem neuen Pizzaofen!<\/p>\n<p align=\"right\">\n<p class=\"clr\">\n<p class=\"clr\">\n<p class=\"clr\">\n<h2>R\u00fcckblick 2013<\/h2>\n<h3>Solaranlage<\/h3>\n<p>Auf dem Dach vom Jugendhaus haben Jugendliche eine Solaranlage montiert. Bald wird auf dieser Homepage auch ersichtlich sein, wann die Anlage wie viel Strom produziert. Willst Du mehr wissen? Melde Dich beim Jugi-Team oder unter: I<a href=\"https:\/\/www.jugidornach.ch\/joomla\/index.php?option=com_content&amp;task=view&amp;id=56&amp;Itemid=55\">nfos Solaranlage<\/a><\/p>\n<div class=\"clr\" style=\"text-align: left;\" align=\"center\"><a title=\"Solaranlage\" href=\"https:\/\/www.jugidornach.ch\/joomla\/index.php?option=com_ponygallery&amp;Itemid=26&amp;func=viewcategory&amp;catid=28\">Hier findest Du Bilder<\/a> vom Bau der Solaranlage!<\/div>\n<div style=\"text-align: left;\" align=\"center\"><a href=\"https:\/\/jugendarbeit-dornach.ch\/index.php\/2014\/12\/05\/auszeichung-jugendprojektwettbewerb-2014-in-olten\/\">Auszeichnung<\/a><\/div>\n<div class=\"clr\" align=\"center\"><\/div>\n<div class=\"clr\" align=\"center\"><\/div>\n<div class=\"clr\" align=\"center\"><\/div>\n<h3>M\u00e4dchenwoche<\/h3>\n<p>Die dritte Interkantonale M\u00e4dchenwoche in Dornach war ein riesen Erfolg. \u00dcber 120 M\u00e4dchen haben an den verschieden Workshop teilgenommen.<\/p>\n<p>Auch die Presse hat sehr positiv \u00fcber die M\u00e4dchenwoche berichtet.<\/p>\n<h3>Spielbus<\/h3>\n<p>Das Jugendhaus hat gemeinsam mit dem Kinder- und Jugendtreff der ref. Kirche die Organisation vom Spielbus \u00fcbernommen. Schon in den vergangen Jahren waren beide Organisationen an der Durchf\u00fchrung beteiligt.<\/p>\n<p>\u00dcber beide Nachmittage verteilt haben \u00fcber 250 Kinder vom Angebot profitiert.<\/p>\n<h3><\/h3>\n<h3>Oldies Party mit Live Konzert<\/h3>\n<p>Die Band &#8222;BalkanExpress&#8220; er\u00f6ffnete mit einem Live Konzert die Oldies Party 2013.<\/p>\n<h3 style=\"margin-bottom: 0cm; font-weight: normal; text-decoration: none;\" align=\"left\"><strong>Fr\u00fchlingsferien \/ Work<\/strong><\/h3>\n<h2 align=\"center\"><\/h2>\n<h3><\/h3>\n<h3>13. M\u00e4rz \/ Red mit!<\/h3>\n<h3><strong>27. Januar \/ Schlag das Team<\/strong><\/h3>\n<h2>R\u00fcckblick 2012<\/h2>\n<h3 style=\"margin-bottom: 0cm; font-weight: normal; text-decoration: none;\" align=\"left\"><strong>2. Herbstferienwoche 9. -12. Oktober \/ M\u00e4dchenwoche<\/strong><\/h3>\n<p>Mehr \u00fcber die 2. M\u00e4dchenwoche in Dornach findet Ihr direkt unter: <a href=\"https:\/\/www.jugidornach.ch\/joomla\/www.maedchenwoche.ch\/interkantonal\">www.maedchenwoche.ch\/interkantonal<\/a><\/p>\n<h3><strong>Sa. 20. Oktober 12 -Jugi Party f\u00fcr Oldies <\/strong><\/h3>\n<h2 style=\"margin-bottom: 0cm; font-weight: normal; text-decoration: none;\" align=\"center\"><\/h2>\n<h3><strong>Do. 7. Juni Europapark<\/strong><\/h3>\n<h3 align=\"left\"><a title=\"VOJA Fussballturnier\" href=\"https:\/\/www.jugidornach.ch\/joomla\/index.php?option=com_content&amp;task=view&amp;id=45&amp;Itemid=55\">Sa. 9. Juni Strassenfussballturnier<\/a><\/h3>\n<p align=\"center\">\n<div align=\"center\"><\/div>\n<div align=\"center\"><\/div>\n<div align=\"center\"><\/div>\n<div align=\"center\"><\/div>\n<div align=\"center\"><\/div>\n<div align=\"center\"><\/div>\n<div align=\"center\"><\/div>\n<div align=\"center\"><\/div>\n<div align=\"center\"><\/div>\n<div align=\"center\"><\/div>\n<div align=\"center\"><\/div>\n<div align=\"center\"><\/div>\n<div align=\"center\"><\/div>\n<div align=\"center\"><\/div>\n<div align=\"center\"><\/div>\n<div align=\"center\"><\/div>\n<div align=\"center\"><\/div>\n<div align=\"center\"><\/div>\n<div align=\"center\"><\/div>\n<div align=\"center\"><\/div>\n<div align=\"center\"><\/div>\n<div align=\"center\"><\/div>\n<div align=\"center\"><\/div>\n<div align=\"center\"><\/div>\n<div align=\"center\"><\/div>\n<div align=\"center\"><\/div>\n<div align=\"center\"><\/div>\n<div align=\"center\"><\/div>\n<div align=\"center\"><\/div>\n<div align=\"center\"><\/div>\n<div align=\"center\"><\/div>\n<div align=\"left\">\n<h3>So. 24. Juni Flossfahrt<\/h3>\n<\/div>\n<h3>Go-Kart<\/h3>\n<p><object width=\"0\" height=\"0\" classid=\"clsid:D27CDB6E-AE6D-11cf-96B8-444553540000\" codebase=\"https:\/\/download.macromedia.com\/pub\/shockwave\/cabs\/flash\/swflash.cab#version=6,0,29,0\"><param name=\"movie\" value=\"http:\/\/www.jugidornach.ch\/joomla\/undefined\" \/><param name=\"quality\" value=\"high\" \/><param name=\"menu\" value=\"false\" \/><param name=\"wmode\" value=\"\" \/><embed height=\"0\" menu=\"false\" pluginspage=\"http:\/\/www.macromedia.com\/go\/getflashplayer\" quality=\"high\" src=\"http:\/\/www.jugidornach.ch\/joomla\/undefined\" type=\"application\/x-shockwave-flash\" width=\"0\" wmode=\"\" \/><\/object><object width=\"0\" height=\"0\" classid=\"clsid:D27CDB6E-AE6D-11cf-96B8-444553540000\" codebase=\"https:\/\/download.macromedia.com\/pub\/shockwave\/cabs\/flash\/swflash.cab#version=6,0,29,0\"><param name=\"movie\" value=\"http:\/\/youtu.be\/di0sdkuozCY\" \/><param name=\"quality\" value=\"high\" \/><param name=\"menu\" value=\"false\" \/><param name=\"wmode\" value=\"\" \/><embed height=\"0\" menu=\"false\" pluginspage=\"http:\/\/www.macromedia.com\/go\/getflashplayer\" quality=\"high\" src=\"http:\/\/youtu.be\/di0sdkuozCY\" type=\"application\/x-shockwave-flash\" width=\"0\" wmode=\"\" \/><\/object><\/p>\n<p><a title=\"Video Go-Kart\" href=\"http:\/\/youtu.be\/di0sdkuozCY\" target=\"_parent\" rel=\"noopener noreferrer\">\u00a0Hier geht es zum Video!<\/a><\/p>\n<h2>R\u00fcckblick 2011<\/h2>\n<h3>Herbstfereien: M\u00e4dchenwoche in Dornach<\/h3>\n<h3>Diverse Partys<\/h3>\n<h3>Seilpark und Trottinetabfahrt<\/h3>\n<h2>R\u00fcckblick 2010<\/h2>\n<h3>Am Samstag 20. November 2010 spielten:<\/h3>\n<p>Black Sheepz \/ Bonehead \/ Tainted Solution<\/p>\n<h3><\/h3>\n<p align=\"left\">\n<p align=\"left\">\n<p align=\"left\">\n<p align=\"left\">\n<p align=\"left\">\n<p align=\"left\">\n<p align=\"left\">\n<p align=\"left\">\n<p align=\"left\"><strong>Samstag, 8. Mai:\u00a0\u00a0\u00a0\u00a0\u00a0\u00a0\u00a0\u00a0\u00a0 Oldies f\u00fcr Oldies <\/strong><\/p>\n<p align=\"left\"><strong>Donnerstag, 3. Juni:\u00a0\u00a0 Ausflug in den Hochseilpark<\/strong><\/p>\n<p align=\"left\"><strong>Sonntag, 6. Juni:\u00a0\u00a0\u00a0\u00a0\u00a0\u00a0\u00a0\u00a0 Familiend\u00f6ggeliturnier mit dem Kinder- und Jugendtreff der ref. Kirche<\/strong><\/p>\n<p align=\"left\">\n<p align=\"left\">\u00a0<strong>Sonntag, 20. Juni:\u00a0\u00a0\u00a0\u00a0\u00a0\u00a0 Schlag das Team <\/strong><\/p>\n<h2>R\u00fcckblick 2009<\/h2>\n<p><strong>Freitag, 1. Mai 09:<\/strong> Ausflug ins Alpamare<\/p>\n<p><strong>Samstag, 2. Mai 09: Only Girls Projektt!<\/strong><\/p>\n<p><strong>Sonntag, 3. Mai 09: Projekt Lounge! <\/strong>Das Jugi erh\u00e4lt einen neu gestalteten Raum!<\/p>\n<p><strong>Samstag 9. Mai 09: Oldies Party!\u00a0<\/strong><\/p>\n<p><strong>Sonntag 10. Mai 09: Familiend\u00f6ggeli Turnier<\/strong>!<\/p>\n<p><strong>Samstag, 6. Juni 09: Mensched\u00f6ggele<\/strong><\/p>\n<p><strong>Donnerstag, 11.\u00a0 Juni 09: Ausflug in den Hochseilgarten<\/strong><\/p>\n<p>Hier findest Du einige Anl\u00e4sse und Projekte aus den vergangenen Jahren aufgelistet:<\/p>\n<p align=\"center\"><a href=\"https:\/\/www.jugidornach.ch\/openair\/index.html\">Open Air 2005\u00a0<\/a><\/p>\n<p align=\"center\">Adventsfenster<\/p>\n<p align=\"center\">Klettergarten<\/p>\n<p align=\"center\">Go &#8211; Kartfahren<\/p>\n<p align=\"center\">Pizzabacken am Weihnachtsmarkt<\/p>\n<p class=\"shadetabs\" align=\"center\">Umbau 1. Stock, K\u00fcche, Treppenhaus, Medienraum, Discoraum, Casino<\/p>\n<p class=\"shadetabs\" align=\"center\">Garten &#8211; Umbau<\/p>\n<p class=\"shadetabs\" align=\"center\">Europapark<\/p>\n<p class=\"shadetabs\" align=\"center\">Pizza-Ofen &#8211; bauen<\/p>\n<p>\u00a0\u00a0\u00a0 \u00a0\u00a0 \u00a0\u00a0 \u00a0\u00a0 \u00a0\u00a0 \u00a0\u00a0 \u00a0\u00a0 \u00a0\u00a0 \u00a0\u00a0 \u00a0\u00a0 \u00a0\u00a0 \u00a0\u00a0 \u00a0\u00a0 \u00a0\u00a0 \u00a0\u00a0 \u00a0\u00a0 \u00a0\u00a0 \u00a0\u00a0 \u00a0\u00a0 \u00a0\u00a0 \u00a0\u00a0 \u00a0\u00a0 \u00a0\u00a0 \u00a0\u00a0\u00a0\u00a0 Tanzkurse (Salsa, Break &#8211; Dance etc.)<\/p>\n<p class=\"shadetabs\" align=\"center\">Besuch bei Viva-Swizz<\/p>\n<p class=\"shadetabs\" align=\"center\">Alpamare<\/p>\n<p class=\"shadetabs\" align=\"center\">Sprayprojekt<\/p>\n<p class=\"shadetabs\" align=\"center\">Viedofilme drehen (u.a. Skilager &#8211; Film)<\/p>\n<p class=\"shadetabs\" align=\"center\">Medienraum (s.h. R\u00e4ume)<\/p>\n<p class=\"shadetabs\" align=\"center\">Discos<\/p>\n<p class=\"shadetabs\" align=\"center\">Kinos<\/p>\n<p class=\"shadetabs\" align=\"center\">Gemeinsames kochen<\/p>\n<p class=\"shadetabs\" align=\"center\">\n","protected":false},"excerpt":{"rendered":"<p>Die Jugendarbeit Dornach f\u00fcrhrt immer wieder spezielle Anl\u00e4sse und Projekte durch. Hier findest Du einen unvollst\u00e4ndige \u00dcbersicht \u00fcber vergangenen Events<\/p>\n","protected":false},"author":1,"featured_media":20,"comment_status":"open","ping_status":"open","sticky":false,"template":"","format":"standard","meta":{"footnotes":""},"categories":[4],"tags":[],"class_list":["post-21","post","type-post","status-publish","format-standard","has-post-thumbnail","hentry","category-projekte-anlaesse-kategorie"],"_links":{"self":[{"href":"https:\/\/jugendarbeit-dornach.ch\/index.php\/wp-json\/wp\/v2\/posts\/21","targetHints":{"allow":["GET"]}}],"collection":[{"href":"https:\/\/jugendarbeit-dornach.ch\/index.php\/wp-json\/wp\/v2\/posts"}],"about":[{"href":"https:\/\/jugendarbeit-dornach.ch\/index.php\/wp-json\/wp\/v2\/types\/post"}],"author":[{"embeddable":true,"href":"https:\/\/jugendarbeit-dornach.ch\/index.php\/wp-json\/wp\/v2\/users\/1"}],"replies":[{"embeddable":true,"href":"https:\/\/jugendarbeit-dornach.ch\/index.php\/wp-json\/wp\/v2\/comments?post=21"}],"version-history":[{"count":3,"href":"https:\/\/jugendarbeit-dornach.ch\/index.php\/wp-json\/wp\/v2\/posts\/21\/revisions"}],"predecessor-version":[{"id":563,"href":"https:\/\/jugendarbeit-dornach.ch\/index.php\/wp-json\/wp\/v2\/posts\/21\/revisions\/563"}],"wp:featuredmedia":[{"embeddable":true,"href":"https:\/\/jugendarbeit-dornach.ch\/index.php\/wp-json\/wp\/v2\/media\/20"}],"wp:attachment":[{"href":"https:\/\/jugendarbeit-dornach.ch\/index.php\/wp-json\/wp\/v2\/media?parent=21"}],"wp:term":[{"taxonomy":"category","embeddable":true,"href":"https:\/\/jugendarbeit-dornach.ch\/index.php\/wp-json\/wp\/v2\/categories?post=21"},{"taxonomy":"post_tag","embeddable":true,"href":"https:\/\/jugendarbeit-dornach.ch\/index.php\/wp-json\/wp\/v2\/tags?post=21"}],"curies":[{"name":"wp","href":"https:\/\/api.w.org\/{rel}","templated":true}]}}