{"id":22,"date":"2015-03-15T10:41:38","date_gmt":"2015-03-15T09:41:38","guid":{"rendered":"http:\/\/wordpress.jad.cyon.site\/index.php\/2015\/03\/15\/sponsoren\/"},"modified":"2015-03-15T10:41:38","modified_gmt":"2015-03-15T09:41:38","slug":"sponsoren","status":"publish","type":"post","link":"https:\/\/jugendarbeit-dornach.ch\/index.php\/2015\/03\/15\/sponsoren\/","title":{"rendered":"Sponsoren"},"content":{"rendered":"<p class=\"clr\"> \tDie aufgef\u00fchrten Institutionen und Vereine unterst\u00fctzen oder unterst\u00fctzten die Jugendarbeit Dornach massgeblich. Weiterhin gibt es auch Privatpersoenen welche die Jugendarbeit in Form von Jahresbeitr\u00e4gen, Sachspenden oder ehrenamtlicher Mitarbeit unterst\u00fctzen. Vielen Dank!<\/p>\n<p> \t&nbsp;<\/p>\n<p align=\"center\" class=\"shadetabs\"> \tR\u00f6misch Katholische Kirchgemeinde Dornach (regelm\u00e4ssig)<\/p>\n<p align=\"center\" class=\"shadetabs\"> \tReformierte Kirchgemeinde Dornach (regelm\u00e4ssig)<\/p>\n<p align=\"center\" class=\"shadetabs\"> \t<a href=\"http:\/\/www.kiwanis-dornach.ch.vu\/\">Kiwanis Club Dornach<\/a> (regelm\u00e4ssig \/ Projektbezogen)<\/p>\n<p align=\"center\" class=\"shadetabs\"> \tRotary Club Dornach (Projektbezogen)<\/p>\n<p align=\"center\" class=\"shadetabs\"> \tPro Juventute Dorneck (Projektbezogne)<\/p>\n<p align=\"center\" class=\"shadetabs\"> \t<a href=\"http:\/\/www.jugend-aktiv.ch\/\">Jugend Aktiv<\/a> (Projektbzogen)<\/p>\n<p align=\"center\" class=\"shadetabs\"> \tMax M\u00fcller Fonds (Projektbezogen)<\/p>\n<p align=\"center\" class=\"shadetabs\"> \tKulturausschuss Dornach (Projektbezogen)<\/p>\n<p align=\"center\" class=\"shadetabs\"> \t<a href=\"http:\/\/www.multimedia-online.ch\/\" target=\"_blank\">Multimedia-online AG<\/a> (Sachspende)<\/p>\n<p align=\"center\" class=\"shadetabs\"> \tPaul und Pfirter AG (Sachspende)<\/p>\n<p align=\"center\" class=\"shadetabs\"> \t<a href=\"http:\/\/www.raiffeisenbank.ch\/\" target=\"_self\">Raiffeisenbank<\/a> Dornach (Projektbezogen)<\/p>\n<p align=\"center\" class=\"shadetabs\"> \t<a href=\"http:\/\/www.cristofoli.ch\" title=\"\">Cristofoli Basel<\/a> (K\u00fcchen Umbau)<\/p>\n","protected":false},"excerpt":{"rendered":"<p>Die aufgef\u00fchrten Institutionen und Vereine unterst\u00fctzen oder unterst\u00fctzten die Jugendarbeit Dornach massgeblich. Weiterhin gibt es auch Privatpersoenen welche die Jugendarbeit<\/p>\n","protected":false},"author":1,"featured_media":0,"comment_status":"open","ping_status":"open","sticky":false,"template":"","format":"standard","meta":{"footnotes":""},"categories":[6],"tags":[],"class_list":["post-22","post","type-post","status-publish","format-standard","hentry","category-jugendarbeit"],"_links":{"self":[{"href":"https:\/\/jugendarbeit-dornach.ch\/index.php\/wp-json\/wp\/v2\/posts\/22","targetHints":{"allow":["GET"]}}],"collection":[{"href":"https:\/\/jugendarbeit-dornach.ch\/index.php\/wp-json\/wp\/v2\/posts"}],"about":[{"href":"https:\/\/jugendarbeit-dornach.ch\/index.php\/wp-json\/wp\/v2\/types\/post"}],"author":[{"embeddable":true,"href":"https:\/\/jugendarbeit-dornach.ch\/index.php\/wp-json\/wp\/v2\/users\/1"}],"replies":[{"embeddable":true,"href":"https:\/\/jugendarbeit-dornach.ch\/index.php\/wp-json\/wp\/v2\/comments?post=22"}],"version-history":[{"count":0,"href":"https:\/\/jugendarbeit-dornach.ch\/index.php\/wp-json\/wp\/v2\/posts\/22\/revisions"}],"wp:attachment":[{"href":"https:\/\/jugendarbeit-dornach.ch\/index.php\/wp-json\/wp\/v2\/media?parent=22"}],"wp:term":[{"taxonomy":"category","embeddable":true,"href":"https:\/\/jugendarbeit-dornach.ch\/index.php\/wp-json\/wp\/v2\/categories?post=22"},{"taxonomy":"post_tag","embeddable":true,"href":"https:\/\/jugendarbeit-dornach.ch\/index.php\/wp-json\/wp\/v2\/tags?post=22"}],"curies":[{"name":"wp","href":"https:\/\/api.w.org\/{rel}","templated":true}]}}