{"id":23,"date":"2015-03-16T10:28:30","date_gmt":"2015-03-16T09:28:30","guid":{"rendered":"http:\/\/wordpress.jad.cyon.site\/index.php\/2015\/03\/16\/projekte-ausfluege\/"},"modified":"2015-03-16T10:28:30","modified_gmt":"2015-03-16T09:28:30","slug":"projekte-ausfluege","status":"publish","type":"post","link":"https:\/\/jugendarbeit-dornach.ch\/index.php\/2015\/03\/16\/projekte-ausfluege\/","title":{"rendered":"Projekte &#038; Ausfl\u00fcge"},"content":{"rendered":"<p> \tGerne begleiten wir Jugendliche bei der Umsetzung von deren Ideen f\u00fcr Projekte und Ausfl\u00fcge.<\/p>\n<p> \t&nbsp;<\/p>\n<p> \tEin R\u00fcckblick in die vergangenen Jahre zeigt die enorme Bandbreite von: Tanzkursen, OpenAir-Festival, diversen Ausfl\u00fcgen, Spielevents bis hin zum Bau von einem Pizzaofen oder einer Photovoltaik-Anlage auf dem Jugendhaus.<\/p>\n","protected":false},"excerpt":{"rendered":"<p>Gerne begleiten wir Jugendliche bei der Umsetzung von deren Ideen f\u00fcr Projekte und Ausfl\u00fcge. &nbsp; Ein R\u00fcckblick in die vergangenen<\/p>\n","protected":false},"author":1,"featured_media":0,"comment_status":"open","ping_status":"open","sticky":false,"template":"","format":"standard","meta":{"footnotes":""},"categories":[4],"tags":[],"class_list":["post-23","post","type-post","status-publish","format-standard","hentry","category-projekte-anlaesse-kategorie"],"_links":{"self":[{"href":"https:\/\/jugendarbeit-dornach.ch\/index.php\/wp-json\/wp\/v2\/posts\/23","targetHints":{"allow":["GET"]}}],"collection":[{"href":"https:\/\/jugendarbeit-dornach.ch\/index.php\/wp-json\/wp\/v2\/posts"}],"about":[{"href":"https:\/\/jugendarbeit-dornach.ch\/index.php\/wp-json\/wp\/v2\/types\/post"}],"author":[{"embeddable":true,"href":"https:\/\/jugendarbeit-dornach.ch\/index.php\/wp-json\/wp\/v2\/users\/1"}],"replies":[{"embeddable":true,"href":"https:\/\/jugendarbeit-dornach.ch\/index.php\/wp-json\/wp\/v2\/comments?post=23"}],"version-history":[{"count":0,"href":"https:\/\/jugendarbeit-dornach.ch\/index.php\/wp-json\/wp\/v2\/posts\/23\/revisions"}],"wp:attachment":[{"href":"https:\/\/jugendarbeit-dornach.ch\/index.php\/wp-json\/wp\/v2\/media?parent=23"}],"wp:term":[{"taxonomy":"category","embeddable":true,"href":"https:\/\/jugendarbeit-dornach.ch\/index.php\/wp-json\/wp\/v2\/categories?post=23"},{"taxonomy":"post_tag","embeddable":true,"href":"https:\/\/jugendarbeit-dornach.ch\/index.php\/wp-json\/wp\/v2\/tags?post=23"}],"curies":[{"name":"wp","href":"https:\/\/api.w.org\/{rel}","templated":true}]}}