{"id":34,"date":"2015-10-19T09:00:07","date_gmt":"2015-10-19T07:00:07","guid":{"rendered":"http:\/\/wordpress.jad.cyon.site\/index.php\/2015\/10\/19\/erfolgreiche-maedchen-und-bubenwoche\/"},"modified":"2019-12-27T18:33:54","modified_gmt":"2019-12-27T17:33:54","slug":"erfolgreiche-maedchen-und-bubenwoche","status":"publish","type":"post","link":"https:\/\/jugendarbeit-dornach.ch\/index.php\/2015\/10\/19\/erfolgreiche-maedchen-und-bubenwoche\/","title":{"rendered":"Erfolgreiche M\u00e4dchen- und Bubenwoche"},"content":{"rendered":"<style type=\"text\/css\"> P { margin-bottom: 0.21cm; }\t<\/style>\n<p style=\"margin-bottom: 0cm;\"><strong><span style=\"color: #000000;\">Die Interkantonale M\u00e4dchen- und Bubenwoche wird immer beliebter und die steigenden Teilnehmerzahlen sind auch eine Herausforderung f\u00fcr die Organisation. Rund 210 Jugendliche aus 39 Gemeinden der Region haben vom Workshop-Angebot profitiert. <\/span><\/strong><\/p>\n<p style=\"margin-bottom: 0cm; font-weight: normal;\"><span style=\"color: #000000;\">Dieses Jahr nutzten rund 120 junge Frauen und 90 Jungs insgesamt 520 Workshoppl\u00e4tze. Die Workshops dauerten zwischen einem halben Tag und sechs Halbtagen und reichten unter Anderem von Messerschmieden, DJ, Silberschmuck \u00fcber sportlichere Angebote wie Klettern, Silk, Breakdance und Hip-Hop. Die gemeinsamen Mittag- und Abendessen waren ein wesentlicher Bestandteil und genau so wie die jeweiligen Abendveranstaltungen sehr gefragt.<\/span><\/p>\n<p style=\"margin-bottom: 0cm; font-weight: normal;\"><span style=\"color: #000000;\">Im zum Bersten vollen &#8222;Palais noir&#8220; in Reinach fand die M\u00e4dchen- und Bubenwoche ihren gemeinsamen Abschluss. Chantal Marty und Maximilian Varga, zwei Jugendliche aus dem OK, f\u00fchrten souver\u00e4n durch das Abendprogramm und durften viele beeindruckende Pr\u00e4sentationen, welche in der laufenden Woche entstanden sind, ank\u00fcndigen.<\/span><\/p>\n<p style=\"margin-bottom: 0cm; font-weight: normal;\">\n<p style=\"margin-bottom: 0cm; font-weight: normal;\"><span style=\"color: #000000;\">Berichterstattungen, Ton- und Filmdokumente findest du hier:<\/span><\/p>\n<p><a title=\"Telebasel: Bericht M\u00e4dchenwoche\" href=\"https:\/\/www.telebasel.ch\/de\/tv-archiv\/&amp;id=375119504&amp;search=M\u00e4dchenwoche&amp;datefrom=&amp;dateto=&amp;group=\" target=\"_blank\" rel=\"noopener noreferrer\">Telebasel: Bericht M\u00e4dchenwoche<\/a><\/p>\n<p>R\u00fcckblick auf die Bubenwoche 2015<\/p>\n<p><iframe src=\"https:\/\/www.youtube.com\/embed\/ToCGYgFOQUU\" width=\"560\" height=\"315\" frameborder=\"0\" allowfullscreen=\"allowfullscreen\"><\/iframe><\/p>\n<p>R\u00fcckblick auf die M\u00e4dchenwoche 2015<\/p>\n<p><iframe src=\"https:\/\/www.youtube.com\/embed\/idjefadcMx4\" width=\"560\" height=\"315\" frameborder=\"0\" allowfullscreen=\"allowfullscreen\"><\/iframe><\/p>\n<p><a title=\"\" href=\"https:\/\/www.youtube.com\/watch?v=QeCG0G2pFjY&amp;feature=youtu.be\">Agentenfilm (entstanden in der Bubenwoche 2015)<\/a><\/p>\n<p><iframe src=\"https:\/\/www.youtube.com\/embed\/QeCG0G2pFjY\" width=\"560\" height=\"315\" frameborder=\"0\" allowfullscreen=\"allowfullscreen\"><\/iframe><\/p>\n<p>Rap welcher im Workshop &#8222;Rap &amp; Studio&#8220; der Bubenwoche 2015 entstanden ist:<\/p>\n<p><audio id=\"audio201592115112\" preload=\"auto\" controls=\"controls\"><source src=\"images\/audio\/fluechtling.mp3\" type=\"audio\/mpeg\">Ihr Browser unterst\u00fctzt kein Audio.<br \/>\nBitte laden Sie die Datei: <a href=\"https:\/\/wordpress.jad.cyon.site\/wp-content\/uploads\/2015\/10\/fluechtling.mp3\">audio\/mpeg<\/a><\/audio><\/p>\n<p>TEENZZ &#8211; Die Jugendseite im Wochenblatt vom 22.Okt. 2015<\/p>\n<p><a href=\"https:\/\/issuu.com\/az-anzeiger\/docs\/20151022_woz_wobanz\/c\/sc2duqz\" target=\"_blank\" rel=\"noopener noreferrer\"><img fetchpriority=\"high\" decoding=\"async\" class=\" size-full wp-image-32\" style=\"width: 200px; height: 297px;\" src=\"https:\/\/wordpress.jad.cyon.site\/wp-content\/uploads\/2015\/10\/teenzz-wochenblatt2015.jpg\" alt=\"TEENZZ - Die Jugendseite der M\u00e4dchen- und Bubenwoche \" width=\"1310\" height=\"1943\"><\/a><\/p>\n<p>Und hier findest du noch Bilder:<\/p>\n<p><a href=\"https:\/\/wordpress.jad.cyon.site\/index.php\/2015\/11\/10\/bilder\/\">Bilder<\/a><\/p>\n","protected":false},"excerpt":{"rendered":"<p>Die Interkantonale M\u00e4dchen- und Bubenwoche wird immer beliebter und die steigenden Teilnehmerzahlen sind auch eine Herausforderung f\u00fcr die Organisation. Rund<\/p>\n","protected":false},"author":1,"featured_media":32,"comment_status":"open","ping_status":"open","sticky":false,"template":"","format":"standard","meta":{"footnotes":""},"categories":[4],"tags":[],"class_list":["post-34","post","type-post","status-publish","format-standard","has-post-thumbnail","hentry","category-projekte-anlaesse-kategorie"],"_links":{"self":[{"href":"https:\/\/jugendarbeit-dornach.ch\/index.php\/wp-json\/wp\/v2\/posts\/34","targetHints":{"allow":["GET"]}}],"collection":[{"href":"https:\/\/jugendarbeit-dornach.ch\/index.php\/wp-json\/wp\/v2\/posts"}],"about":[{"href":"https:\/\/jugendarbeit-dornach.ch\/index.php\/wp-json\/wp\/v2\/types\/post"}],"author":[{"embeddable":true,"href":"https:\/\/jugendarbeit-dornach.ch\/index.php\/wp-json\/wp\/v2\/users\/1"}],"replies":[{"embeddable":true,"href":"https:\/\/jugendarbeit-dornach.ch\/index.php\/wp-json\/wp\/v2\/comments?post=34"}],"version-history":[{"count":3,"href":"https:\/\/jugendarbeit-dornach.ch\/index.php\/wp-json\/wp\/v2\/posts\/34\/revisions"}],"predecessor-version":[{"id":335,"href":"https:\/\/jugendarbeit-dornach.ch\/index.php\/wp-json\/wp\/v2\/posts\/34\/revisions\/335"}],"wp:featuredmedia":[{"embeddable":true,"href":"https:\/\/jugendarbeit-dornach.ch\/index.php\/wp-json\/wp\/v2\/media\/32"}],"wp:attachment":[{"href":"https:\/\/jugendarbeit-dornach.ch\/index.php\/wp-json\/wp\/v2\/media?parent=34"}],"wp:term":[{"taxonomy":"category","embeddable":true,"href":"https:\/\/jugendarbeit-dornach.ch\/index.php\/wp-json\/wp\/v2\/categories?post=34"},{"taxonomy":"post_tag","embeddable":true,"href":"https:\/\/jugendarbeit-dornach.ch\/index.php\/wp-json\/wp\/v2\/tags?post=34"}],"curies":[{"name":"wp","href":"https:\/\/api.w.org\/{rel}","templated":true}]}}