{"id":47,"date":"2017-07-25T17:11:50","date_gmt":"2017-07-25T15:11:50","guid":{"rendered":"http:\/\/wordpress.jad.cyon.site\/index.php\/2017\/07\/25\/umbau-kueche\/"},"modified":"2020-08-06T14:02:15","modified_gmt":"2020-08-06T12:02:15","slug":"umbau-kueche","status":"publish","type":"post","link":"https:\/\/jugendarbeit-dornach.ch\/index.php\/2017\/07\/25\/umbau-kueche\/","title":{"rendered":"Umbau K\u00fcche"},"content":{"rendered":"<p>Die K\u00fcche vom Jugendhaus ist in die Jahre gekommen und die Ger\u00e4te funktionierten zum Teil nicht mehr korrekt. Weil im Jugendhaus gemeinsam gekocht wird, war auch der Wunsch einer gr\u00f6sseren K\u00fcche schon lange vorhanden.<\/p>\n<p>Ende Juni 2017 ging es los. Sch\u00fcler der Oberstufe haben die alte K\u00fcche zur\u00fcckgebaut und eine Wand eingerissen. Die K\u00fcche wird dadurch um die Gr\u00f6sse eines kleinen Vorratsraums erweiter.<\/p>\n<p>W\u00e4hrend den Sommerferien wird die K\u00fcche mit Jugendlichen von Grund auf neu erstellt. Leitungen werden neu verlegt, W\u00e4nde verputzt und gestrichen, ein neuer Boden gelegt, T\u00fcren angepasst und gestrichen, K\u00fcchenm\u00f6bel und Ger\u00e4te eingebaut und Fliesen gelegt und verfugt.<\/p>\n<p>M\u00f6glich macht dies dei Einwohnergemeinde Dornach, aber auch die Firma Jobfactory, welche uns einen guten Preis f\u00fcr die K\u00fcchenm\u00f6bel gemacht hat und die Firma <a title=\"\" href=\"https:\/\/www.cristofoli.ch\">Cristofoli<\/a>, welche uns alle Fliesen inkl. Werkzeug und Kleber kostenlos zur Verf\u00fcgung gestellt hat. Und dann sind da noch die Jugendlichen, welche tatkr\u00e4ftig mitanpackten.<\/p>\n<p style=\"margin-bottom: 0.21cm;\"><img fetchpriority=\"high\" decoding=\"async\" class=\"alignnone size-full wp-image-514\" src=\"https:\/\/jugendarbeit-dornach.ch\/wordpress\/wp-content\/uploads\/2017\/07\/Fliesen.jpeg\" alt=\"\" width=\"490\" height=\"480\" srcset=\"https:\/\/jugendarbeit-dornach.ch\/wordpress\/wp-content\/uploads\/2017\/07\/Fliesen.jpeg 490w, https:\/\/jugendarbeit-dornach.ch\/wordpress\/wp-content\/uploads\/2017\/07\/Fliesen-300x294.jpeg 300w\" sizes=\"(max-width: 490px) 100vw, 490px\" \/><\/p>\n<p style=\"margin-bottom: 0.21cm;\">\n<p style=\"margin-bottom: 0.21cm;\">\n","protected":false},"excerpt":{"rendered":"<p>Die K\u00fcche vom Jugendhaus ist in die Jahre gekommen und die Ger\u00e4te funktionierten zum Teil nicht mehr korrekt. Weil im<\/p>\n","protected":false},"author":1,"featured_media":515,"comment_status":"open","ping_status":"open","sticky":false,"template":"","format":"standard","meta":{"footnotes":""},"categories":[4],"tags":[],"class_list":["post-47","post","type-post","status-publish","format-standard","has-post-thumbnail","hentry","category-projekte-anlaesse-kategorie"],"_links":{"self":[{"href":"https:\/\/jugendarbeit-dornach.ch\/index.php\/wp-json\/wp\/v2\/posts\/47","targetHints":{"allow":["GET"]}}],"collection":[{"href":"https:\/\/jugendarbeit-dornach.ch\/index.php\/wp-json\/wp\/v2\/posts"}],"about":[{"href":"https:\/\/jugendarbeit-dornach.ch\/index.php\/wp-json\/wp\/v2\/types\/post"}],"author":[{"embeddable":true,"href":"https:\/\/jugendarbeit-dornach.ch\/index.php\/wp-json\/wp\/v2\/users\/1"}],"replies":[{"embeddable":true,"href":"https:\/\/jugendarbeit-dornach.ch\/index.php\/wp-json\/wp\/v2\/comments?post=47"}],"version-history":[{"count":2,"href":"https:\/\/jugendarbeit-dornach.ch\/index.php\/wp-json\/wp\/v2\/posts\/47\/revisions"}],"predecessor-version":[{"id":516,"href":"https:\/\/jugendarbeit-dornach.ch\/index.php\/wp-json\/wp\/v2\/posts\/47\/revisions\/516"}],"wp:featuredmedia":[{"embeddable":true,"href":"https:\/\/jugendarbeit-dornach.ch\/index.php\/wp-json\/wp\/v2\/media\/515"}],"wp:attachment":[{"href":"https:\/\/jugendarbeit-dornach.ch\/index.php\/wp-json\/wp\/v2\/media?parent=47"}],"wp:term":[{"taxonomy":"category","embeddable":true,"href":"https:\/\/jugendarbeit-dornach.ch\/index.php\/wp-json\/wp\/v2\/categories?post=47"},{"taxonomy":"post_tag","embeddable":true,"href":"https:\/\/jugendarbeit-dornach.ch\/index.php\/wp-json\/wp\/v2\/tags?post=47"}],"curies":[{"name":"wp","href":"https:\/\/api.w.org\/{rel}","templated":true}]}}