{"id":549,"date":"2014-12-05T11:40:41","date_gmt":"2014-12-05T10:40:41","guid":{"rendered":"https:\/\/jugendarbeit-dornach.ch\/?p=549"},"modified":"2020-09-03T12:00:23","modified_gmt":"2020-09-03T10:00:23","slug":"auszeichung-jugendprojektwettbewerb-2014-in-olten","status":"publish","type":"post","link":"https:\/\/jugendarbeit-dornach.ch\/index.php\/2014\/12\/05\/auszeichung-jugendprojektwettbewerb-2014-in-olten\/","title":{"rendered":"Auszeichung Jugendprojektwettbewerb 2014 in Olten"},"content":{"rendered":"\n<p>Beim Jugendprojektwettbewerb geht es darum, den Einsatz von Jugendlichen zu zeigen und zu anerkennen.<br>Projekte wurden aus dem gesamten Kanton Solothurn eingereicht und eine Auswahl wurde zur Prasentation<br>ausgewahlt und eingeladen.<br>Am 4. Dezember 2014 reiste eine Delegation von Dornacher Jugendlichen nach Olten, um dort vor Publikum<br>und einer Jury das Projekt \u201eWir denken an die Zukunft \u2013 wir bauen eine Solaranlage\u201c vorzustellen. Die Power-<br>Point-Prasentation haben die Jugendlichen mit Anschauungsmaterial und eigenen Statements erganzt.<br>Gestarkt durch die ausgesprochene Anerkennung, den Applaus und nat\u00fcrlich dem Preisgeld f\u00fcr den dritten<br>Platz, sind wir wieder nach Dornach zur\u00fcckgereist.<\/p>\n\n\n\n\n\n<figure class=\"wp-block-embed-facebook wp-block-embed is-type-rich is-provider-facebook\"><div class=\"wp-block-embed__wrapper\">\n<div id=\"fb-root\"><\/div><script async=\"1\" defer=\"1\" crossorigin=\"anonymous\" src=\"https:\/\/connect.facebook.net\/de_DE\/sdk.js#xfbml=1&amp;version=v8.0\" nonce=\"8VGPlQaZ\"><\/script><div class=\"fb-post\" data-href=\"https:\/\/www.facebook.com\/JugendarbeitDornach\/posts\/10152910145499493\" data-width=\"750\"><blockquote cite=\"https:\/\/www.facebook.com\/JugendarbeitDornach\/posts\/10152910145499493\" class=\"fb-xfbml-parse-ignore\"><p>3. Platz f\u00fcr das Projekt &quot;wir denken an die Zukunft- wir bauen eine Solaranlage&quot; von der Jugendarbeit Dornach!<\/p>Gepostet von <a href=\"https:\/\/www.facebook.com\/JugendarbeitDornach\">JA Jugendarbeit Dornach<\/a> am&nbsp;<a href=\"https:\/\/www.facebook.com\/JugendarbeitDornach\/posts\/10152910145499493\">Freitag, 5. Dezember 2014<\/a><\/blockquote><\/div>\n<\/div><\/figure>\n\n\n\n<figure class=\"wp-block-gallery columns-3 is-cropped wp-block-gallery-1 is-layout-flex wp-block-gallery-is-layout-flex\"><ul class=\"blocks-gallery-grid\"><li class=\"blocks-gallery-item\"><figure><img fetchpriority=\"high\" decoding=\"async\" width=\"1024\" height=\"1024\" src=\"https:\/\/jugendarbeit-dornach.ch\/wordpress\/wp-content\/uploads\/2020\/09\/IMAG0003-1024x1024.jpg\" alt=\"\" data-id=\"552\" data-link=\"https:\/\/jugendarbeit-dornach.ch\/?attachment_id=552\" class=\"wp-image-552\" srcset=\"https:\/\/jugendarbeit-dornach.ch\/wordpress\/wp-content\/uploads\/2020\/09\/IMAG0003-1024x1024.jpg 1024w, https:\/\/jugendarbeit-dornach.ch\/wordpress\/wp-content\/uploads\/2020\/09\/IMAG0003-300x300.jpg 300w, https:\/\/jugendarbeit-dornach.ch\/wordpress\/wp-content\/uploads\/2020\/09\/IMAG0003-150x150.jpg 150w, https:\/\/jugendarbeit-dornach.ch\/wordpress\/wp-content\/uploads\/2020\/09\/IMAG0003-1536x1536.jpg 1536w, https:\/\/jugendarbeit-dornach.ch\/wordpress\/wp-content\/uploads\/2020\/09\/IMAG0003-2048x2048.jpg 2048w\" sizes=\"(max-width: 1024px) 100vw, 1024px\" \/><\/figure><\/li><li class=\"blocks-gallery-item\"><figure><img decoding=\"async\" width=\"620\" height=\"480\" src=\"https:\/\/jugendarbeit-dornach.ch\/wordpress\/wp-content\/uploads\/2020\/09\/SA-Gruppe-620x480.jpeg\" alt=\"\" data-id=\"554\" data-link=\"https:\/\/jugendarbeit-dornach.ch\/?attachment_id=554\" class=\"wp-image-554\"\/><\/figure><\/li><li class=\"blocks-gallery-item\"><figure><img decoding=\"async\" width=\"627\" height=\"480\" src=\"https:\/\/jugendarbeit-dornach.ch\/wordpress\/wp-content\/uploads\/2020\/09\/Dach-gruppe-2-627x480.jpeg\" alt=\"\" data-id=\"555\" data-link=\"https:\/\/jugendarbeit-dornach.ch\/?attachment_id=555\" class=\"wp-image-555\"\/><\/figure><\/li><li class=\"blocks-gallery-item\"><figure><img loading=\"lazy\" decoding=\"async\" width=\"525\" height=\"480\" src=\"https:\/\/jugendarbeit-dornach.ch\/wordpress\/wp-content\/uploads\/2020\/09\/Flex-2-525x480.jpeg\" alt=\"\" data-id=\"556\" data-link=\"https:\/\/jugendarbeit-dornach.ch\/?attachment_id=556\" class=\"wp-image-556\"\/><\/figure><\/li><li class=\"blocks-gallery-item\"><figure><img loading=\"lazy\" decoding=\"async\" width=\"568\" height=\"480\" src=\"https:\/\/jugendarbeit-dornach.ch\/wordpress\/wp-content\/uploads\/2020\/09\/Flex-3-568x480.jpeg\" alt=\"\" data-id=\"557\" data-link=\"https:\/\/jugendarbeit-dornach.ch\/?attachment_id=557\" class=\"wp-image-557\"\/><\/figure><\/li><li class=\"blocks-gallery-item\"><figure><img loading=\"lazy\" decoding=\"async\" width=\"1024\" height=\"1024\" src=\"https:\/\/jugendarbeit-dornach.ch\/wordpress\/wp-content\/uploads\/2020\/09\/PV-Module-einsetzen-v2k-1024x1024.jpg\" alt=\"\" data-id=\"558\" data-link=\"https:\/\/jugendarbeit-dornach.ch\/?attachment_id=558\" class=\"wp-image-558\" srcset=\"https:\/\/jugendarbeit-dornach.ch\/wordpress\/wp-content\/uploads\/2020\/09\/PV-Module-einsetzen-v2k-1024x1024.jpg 1024w, https:\/\/jugendarbeit-dornach.ch\/wordpress\/wp-content\/uploads\/2020\/09\/PV-Module-einsetzen-v2k-300x300.jpg 300w, https:\/\/jugendarbeit-dornach.ch\/wordpress\/wp-content\/uploads\/2020\/09\/PV-Module-einsetzen-v2k-150x150.jpg 150w\" sizes=\"(max-width: 1024px) 100vw, 1024px\" \/><\/figure><\/li><li class=\"blocks-gallery-item\"><figure><img loading=\"lazy\" decoding=\"async\" width=\"1024\" height=\"1024\" src=\"https:\/\/jugendarbeit-dornach.ch\/wordpress\/wp-content\/uploads\/2020\/09\/IMAG0005-1024x1024.jpg\" alt=\"\" data-id=\"559\" data-link=\"https:\/\/jugendarbeit-dornach.ch\/?attachment_id=559\" class=\"wp-image-559\" srcset=\"https:\/\/jugendarbeit-dornach.ch\/wordpress\/wp-content\/uploads\/2020\/09\/IMAG0005-1024x1024.jpg 1024w, https:\/\/jugendarbeit-dornach.ch\/wordpress\/wp-content\/uploads\/2020\/09\/IMAG0005-300x300.jpg 300w, https:\/\/jugendarbeit-dornach.ch\/wordpress\/wp-content\/uploads\/2020\/09\/IMAG0005-150x150.jpg 150w, https:\/\/jugendarbeit-dornach.ch\/wordpress\/wp-content\/uploads\/2020\/09\/IMAG0005-1536x1536.jpg 1536w, https:\/\/jugendarbeit-dornach.ch\/wordpress\/wp-content\/uploads\/2020\/09\/IMAG0005-2048x2048.jpg 2048w\" sizes=\"(max-width: 1024px) 100vw, 1024px\" \/><\/figure><\/li><li class=\"blocks-gallery-item\"><figure><img loading=\"lazy\" decoding=\"async\" width=\"480\" height=\"640\" src=\"https:\/\/jugendarbeit-dornach.ch\/wordpress\/wp-content\/uploads\/2020\/09\/Sa-Gestell3-480x640.jpeg\" alt=\"\" data-id=\"560\" data-full-url=\"https:\/\/jugendarbeit-dornach.ch\/wordpress\/wp-content\/uploads\/2020\/09\/Sa-Gestell3.jpeg\" data-link=\"https:\/\/jugendarbeit-dornach.ch\/?attachment_id=560\" class=\"wp-image-560\"\/><\/figure><\/li><\/ul><\/figure>\n","protected":false},"excerpt":{"rendered":"<p>Beim Jugendprojektwettbewerb geht es darum, den Einsatz von Jugendlichen zu zeigen und zu anerkennen.Projekte wurden aus dem gesamten Kanton Solothurn<\/p>\n","protected":false},"author":1,"featured_media":551,"comment_status":"closed","ping_status":"open","sticky":false,"template":"","format":"standard","meta":{"footnotes":""},"categories":[1,6,4],"tags":[32,33,30],"class_list":["post-549","post","type-post","status-publish","format-standard","has-post-thumbnail","hentry","category-allgemein","category-jugendarbeit","category-projekte-anlaesse-kategorie","tag-auszeichnung","tag-pv","tag-solaranlage","comments-off"],"_links":{"self":[{"href":"https:\/\/jugendarbeit-dornach.ch\/index.php\/wp-json\/wp\/v2\/posts\/549","targetHints":{"allow":["GET"]}}],"collection":[{"href":"https:\/\/jugendarbeit-dornach.ch\/index.php\/wp-json\/wp\/v2\/posts"}],"about":[{"href":"https:\/\/jugendarbeit-dornach.ch\/index.php\/wp-json\/wp\/v2\/types\/post"}],"author":[{"embeddable":true,"href":"https:\/\/jugendarbeit-dornach.ch\/index.php\/wp-json\/wp\/v2\/users\/1"}],"replies":[{"embeddable":true,"href":"https:\/\/jugendarbeit-dornach.ch\/index.php\/wp-json\/wp\/v2\/comments?post=549"}],"version-history":[{"count":1,"href":"https:\/\/jugendarbeit-dornach.ch\/index.php\/wp-json\/wp\/v2\/posts\/549\/revisions"}],"predecessor-version":[{"id":561,"href":"https:\/\/jugendarbeit-dornach.ch\/index.php\/wp-json\/wp\/v2\/posts\/549\/revisions\/561"}],"wp:featuredmedia":[{"embeddable":true,"href":"https:\/\/jugendarbeit-dornach.ch\/index.php\/wp-json\/wp\/v2\/media\/551"}],"wp:attachment":[{"href":"https:\/\/jugendarbeit-dornach.ch\/index.php\/wp-json\/wp\/v2\/media?parent=549"}],"wp:term":[{"taxonomy":"category","embeddable":true,"href":"https:\/\/jugendarbeit-dornach.ch\/index.php\/wp-json\/wp\/v2\/categories?post=549"},{"taxonomy":"post_tag","embeddable":true,"href":"https:\/\/jugendarbeit-dornach.ch\/index.php\/wp-json\/wp\/v2\/tags?post=549"}],"curies":[{"name":"wp","href":"https:\/\/api.w.org\/{rel}","templated":true}]}}