{"id":58,"date":"2018-10-15T07:00:00","date_gmt":"2018-10-15T05:00:00","guid":{"rendered":"http:\/\/wordpress.jad.cyon.site\/index.php\/2018\/10\/15\/erfolgreiche-jugendwoche\/"},"modified":"2020-08-06T10:06:04","modified_gmt":"2020-08-06T08:06:04","slug":"erfolgreiche-jugendwoche","status":"publish","type":"post","link":"https:\/\/jugendarbeit-dornach.ch\/index.php\/2018\/10\/15\/erfolgreiche-jugendwoche\/","title":{"rendered":"Erfolgreiche Jugendwoche 2018"},"content":{"rendered":"<style type=\"text\/css\"> P { margin-bottom: 0.21cm; }\t<\/style>\n<p style=\"margin-bottom: 0cm;\"><strong><span style=\"color: #000000;\">Die Interkantonale M\u00e4dchen- und Bubenwoche ist sehr beliebt und die hohen Teilnehmerzahlen sind auch eine Herausforderung f\u00fcr die Organisation. 217 Jugendliche aus 37 Gemeinden der Region haben vom Workshop-Angebot profitiert. <\/span><\/strong><\/p>\n<p style=\"margin-bottom: 0cm; font-weight: normal;\"><span style=\"color: #000000;\">Dieses Jahr nutzten rund 110 junge Frauen und 110 Jungs insgesamt 530 Workshoppl\u00e4tze. Die TeilnehmerInnen kamen aus 37 Gemeinder der Region. Die Workshops dauerten zwischen einem halben Tag und sechs Halbtagen und reichten unter Anderem von Schweissen, DJ, Flechtfrisuren \u00fcber sportlichere Angebote wie Klettern, Silk und Breakdance. Die gemeinsamen Mittag- und Abendessen waren ein wesentlicher Bestandteil und genau so wie die jeweiligen Abendveranstaltungen sehr gefragt.<\/span><\/p>\n<p style=\"margin-bottom: 0cm; font-weight: normal;\"><span style=\"color: #000000;\">Im zum Bersten vollen &#8222;Palais noir&#8220; in Reinach fand die M\u00e4dchen- und Bubenwoche ihren gemeinsamen Abschluss. Chantal Marty und Maximilian Varga, zwei Jugendliche aus dem OK, f\u00fchrten souver\u00e4n durch das Abendprogramm und durften viele beeindruckende Pr\u00e4sentationen, welche in der laufenden Woche entstanden sind, ank\u00fcndigen.<\/span><\/p>\n<p style=\"margin-bottom: 0cm; font-weight: normal;\">Den Film der Jugendwoche findest du hier:<\/p>\n<p><iframe src=\"https:\/\/www.youtube.com\/embed\/t_WRmHMIAZM\" width=\"560\" height=\"315\" frameborder=\"0\" allowfullscreen=\"allowfullscreen\"><\/iframe><\/p>\n","protected":false},"excerpt":{"rendered":"<p>Die Interkantonale M\u00e4dchen- und Bubenwoche ist sehr beliebt und die hohen Teilnehmerzahlen sind auch eine Herausforderung f\u00fcr die Organisation. 217<\/p>\n","protected":false},"author":1,"featured_media":32,"comment_status":"open","ping_status":"open","sticky":false,"template":"","format":"standard","meta":{"footnotes":""},"categories":[4],"tags":[],"class_list":["post-58","post","type-post","status-publish","format-standard","has-post-thumbnail","hentry","category-projekte-anlaesse-kategorie"],"_links":{"self":[{"href":"https:\/\/jugendarbeit-dornach.ch\/index.php\/wp-json\/wp\/v2\/posts\/58","targetHints":{"allow":["GET"]}}],"collection":[{"href":"https:\/\/jugendarbeit-dornach.ch\/index.php\/wp-json\/wp\/v2\/posts"}],"about":[{"href":"https:\/\/jugendarbeit-dornach.ch\/index.php\/wp-json\/wp\/v2\/types\/post"}],"author":[{"embeddable":true,"href":"https:\/\/jugendarbeit-dornach.ch\/index.php\/wp-json\/wp\/v2\/users\/1"}],"replies":[{"embeddable":true,"href":"https:\/\/jugendarbeit-dornach.ch\/index.php\/wp-json\/wp\/v2\/comments?post=58"}],"version-history":[{"count":3,"href":"https:\/\/jugendarbeit-dornach.ch\/index.php\/wp-json\/wp\/v2\/posts\/58\/revisions"}],"predecessor-version":[{"id":458,"href":"https:\/\/jugendarbeit-dornach.ch\/index.php\/wp-json\/wp\/v2\/posts\/58\/revisions\/458"}],"wp:featuredmedia":[{"embeddable":true,"href":"https:\/\/jugendarbeit-dornach.ch\/index.php\/wp-json\/wp\/v2\/media\/32"}],"wp:attachment":[{"href":"https:\/\/jugendarbeit-dornach.ch\/index.php\/wp-json\/wp\/v2\/media?parent=58"}],"wp:term":[{"taxonomy":"category","embeddable":true,"href":"https:\/\/jugendarbeit-dornach.ch\/index.php\/wp-json\/wp\/v2\/categories?post=58"},{"taxonomy":"post_tag","embeddable":true,"href":"https:\/\/jugendarbeit-dornach.ch\/index.php\/wp-json\/wp\/v2\/tags?post=58"}],"curies":[{"name":"wp","href":"https:\/\/api.w.org\/{rel}","templated":true}]}}